{"id":158,"date":"2018-09-03T15:22:30","date_gmt":"2018-09-03T13:22:30","guid":{"rendered":"http:\/\/saraczepova.cz\/fotbal\/?p=158"},"modified":"2025-11-30T08:31:22","modified_gmt":"2025-11-30T07:31:22","slug":"tyden-27-8-2-9-2018","status":"publish","type":"post","link":"https:\/\/fcvb.cz\/?p=158","title":{"rendered":"T\u00fdden 27.8. &#8211; 2.9.2018"},"content":{"rendered":"\n\n[et_pb_section fb_built=&#8220;1&#8243; admin_label=&#8220;section&#8220; _builder_version=&#8220;3.0.47&#8243;][et_pb_row admin_label=&#8220;row&#8220; _builder_version=&#8220;3.0.47&#8243; background_size=&#8220;initial&#8220; background_position=&#8220;top_left&#8220; background_repeat=&#8220;repeat&#8220;][et_pb_column type=&#8220;4_4&#8243; _builder_version=&#8220;3.0.47&#8243; parallax=&#8220;off&#8220; parallax_method=&#8220;on&#8220;][et_pb_text _builder_version=&#8220;3.0.106&#8243; header_font=&#8220;||||||||solid&#8220; header_4_font=&#8220;|600||on|||||solid&#8220; header_4_text_align=&#8220;left&#8220; header_4_text_color=&#8220;#040b70&#8243; header_4_line_height=&#8220;1.4em&#8220; background_size=&#8220;initial&#8220; background_position=&#8220;top_left&#8220; background_repeat=&#8220;repeat&#8220; header_5_font=&#8220;|600|||||||&#8220;]<h4 style=\"text-align: justify;\">FC Veversk\u00e1 B\u00edt\u00fd\u0161ka &#8211; SK Tatran \u0160atov 3:0 (2:0)<\/h4>\n<h5>I.B t\u0159\u00edda dosp\u011bl\u00fdch skupina B<\/h5>\n<p style=\"text-align: justify;\">V ned\u011bli 2. 9. 2018 se na m\u00edstn\u00edm stadionu odehr\u00e1lo dal\u0161\u00ed kolo krajsk\u00e9 sout\u011b\u017ee, kde FC Veversk\u00e1 B\u00edt\u00fd\u0161ka p\u0159iv\u00edtala SK Tatran \u0160atov. Dom\u00e1c\u00ed do utk\u00e1n\u00ed vstoupili velmi aktivn\u011b, hr\u00e1\u010di hostuj\u00edc\u00edho Tatranu byli t\u00edmto projevem velmi zasko\u010deni a nev\u011bd\u011bli, kam d\u0159\u00edv sko\u010dit. Tento tlak vedl k brance v 8. Minut\u011b, kdy Jakub Kratochv\u00edla posadil kr\u00e1sn\u00fd centr na hlavu Tade\u00e1\u0161e Ceb\u00e1ka, kter\u00fd o b\u0159evno sk\u00f3roval. B\u00ed<span class=\"text_exposed_show\">t\u00fd\u0161ka nad\u00e1le p\u016fsobila sv\u011b\u017eej\u0161\u00edm dojmem a p\u0159ed odchodem do kabin Pavel Ostr\u00fd po men\u0161\u00edm z\u00e1varu poslal m\u00ed\u010d do branky host\u016f. Polo\u010das tedy skon\u010dil l\u00e9pe pro dom\u00e1c\u00ed t\u00fdm FCVB. Druh\u00e1 p\u016fle byla podstatn\u011b jin\u00e1 ne\u017e p\u016fle prvn\u00ed. Hostuj\u00edc\u00ed Tatran p\u0159itla\u010dil na pilu a dom\u00e1c\u00ed borce p\u0159ehr\u00e1val. Na\u0161t\u011bst\u00ed v\u0161echny akce ztroskotaly na Oldovi Kupkovi, kter\u00fd svoji branku zamkl. Po tlaku, kter\u00fd Tatran m\u011bl, p\u0159i\u0161la sprcha v podob\u011b st\u0159ely Jana Nguyena, kter\u00fd poslal m\u00ed\u010d nechytateln\u011b pod b\u0159evno branka\u0159e Kubejky. 3:0. Do konce z\u00e1pasu se ji\u017e nic z\u00e1sadn\u00edho nestalo a t\u0159i body z\u016fstanou doma. <\/span><span class=\"text_exposed_show\">recenz\u00e9r: Jaroslav Dvo\u0159\u00e1\u010dek<\/span><\/p>\n<div class=\"text_exposed_show\" style=\"text-align: justify;\"><strong>ST\u0158ELCI:<\/strong> Ceb\u00e1k, Ostr\u00fd, Nguyen J.<\/div>\n<div class=\"text_exposed_show\" style=\"text-align: justify;\"><strong>SESTAVA:<\/strong> 1 Kupka Old\u0159ich 2 Lajcman Viktor 3 Hrbek Ale\u0161 [K] 4 Kol\u00e1\u010dek Zden\u011bk 5 Sachinidis Janis 7 Ceb\u00e1k Tade\u00e1\u0161 8 Kratochv\u00edla Jakub 64\u2193 10 Ostr\u00fd Pavel 74\u2193 11 Bedn\u00e1\u0159 Dominik 68\u2193 13 No\u017ei\u010dka Petr 14 Nov\u00e1k V\u00e1clav<\/div>\n<div class=\"text_exposed_show\" style=\"text-align: justify;\"><strong>N\u00c1HRADN\u00cdCI:<\/strong> 6 N Svoboda Jan 9 N Michna Filip 68\u2191 12 N Nguyen Jan 64\u2191 15 N Musil Tom\u00e1\u0161 74\u2191<\/div>\n<h4 class=\"text_exposed_show\" style=\"text-align: justify;\"><\/h4>\n<h4 class=\"text_exposed_show\" style=\"text-align: justify;\"><\/h4>\n<h4 class=\"text_exposed_show\" style=\"text-align: justify;\">Veversk\u00e1 B\u00edt\u00fd\u0161ka &#8222;B&#8220; &#8211; V. Kn\u00ednice<\/h4>\n<h5 class=\"text_exposed_show\">IV. t\u0159\u00edda mu\u017ei &#8211; skupina B<\/h5>\n<p class=\"text_exposed_show\" style=\"text-align: justify;\">Neodehr\u00e1no odlo\u017eeno na 12.9. v 17:30.<\/p>\n<h4 class=\"text_exposed_show\" style=\"text-align: justify;\">Veversk\u00e1 B\u00edt\u00fd\u0161ka &#8211; D\u011bdice 6:1 (3:0)<\/h4>\n<h5 class=\"text_exposed_show\">OP dorost<\/h5>\n<p class=\"text_exposed_show\" style=\"text-align: justify;\"><strong>ST\u0158ELCI:<\/strong> Zav\u0159el, Zav\u0159el, V\u00e1clavek, Nasri, Skoup\u00fd, Dvo\u0159\u00e1k<\/p>\n<h4 class=\"text_exposed_show\" style=\"text-align: justify;\">V. B\u00edt\u00fd\u0161ka &#8211; \u010ceb\u00edn\/Dr\u00e1sov<\/h4>\n<h5 class=\"text_exposed_show\">OP star\u0161\u00ed \u017e\u00e1ci<\/h5>\n<p class=\"text_exposed_show\" style=\"text-align: justify;\">Neodehr\u00e1no<\/p>\n<h4 class=\"text_exposed_show\" style=\"text-align: justify;\">V. B\u00edt\u00fd\u0161ka &#8211; La\u017e\u00e1nky 6:2 (3:0)<\/h4>\n<h5 class=\"text_exposed_show\">OP mlad\u0161\u00ed \u017e\u00e1ci<\/h5>\n<p class=\"text_exposed_show\" style=\"text-align: justify;\"><strong>ST\u0158ELCI:<\/strong> Dan\u011bk, Dan\u011bk, Kry\u0161tof, Mal\u00fd, Dan\u011bk, Dan\u011bk<\/p>\n<h4 class=\"text_exposed_show\" style=\"text-align: justify;\">V. B\u00edt\u00fd\u0161ka &#8211; \u010ceb\u00edn 4:12 (1:7)<\/h4>\n<h5 class=\"text_exposed_show\">III. t\u0159. star\u0161\u00ed p\u0159\u00edpravka &#8211; sk. C<\/h5>\n<p class=\"text_exposed_show\" style=\"text-align: justify;\"><strong>ST\u0158ELCI:<\/strong> Dan\u011bk, Novotn\u00fd, Dan\u011bk, Dan\u011bk<\/p>\n<h4 class=\"text_exposed_show\" style=\"text-align: justify;\"><\/h4>\n<h4 class=\"text_exposed_show\" style=\"text-align: justify;\">C FC Slovan Rosice, z.s.&#8220; &#8211; V. B\u00edt\u00fd\u0161ka 3:29 (1:18)<\/h4>\n<h5 class=\"text_exposed_show\">III. t\u0159. mlad\u0161\u00ed p\u0159\u00edpravka &#8211; sk.<\/h5>\n[\/et_pb_text][\/et_pb_column][\/et_pb_row][\/et_pb_section]\n\n","protected":false},"excerpt":{"rendered":"<p>FC Veversk\u00e1 B\u00edt\u00fd\u0161ka &#8211; SK Tatran \u0160atov 3:0 (2:0) I.B t\u0159\u00edda dosp\u011bl\u00fdch skupina B V ned\u011bli 2. 9. 2018 se na m\u00edstn\u00edm stadionu odehr\u00e1lo dal\u0161\u00ed kolo krajsk\u00e9 sout\u011b\u017ee, kde FC Veversk\u00e1 B\u00edt\u00fd\u0161ka p\u0159iv\u00edtala SK Tatran \u0160atov. Dom\u00e1c\u00ed do utk\u00e1n\u00ed vstoupili velmi aktivn\u011b, hr\u00e1\u010di hostuj\u00edc\u00edho Tatranu byli t\u00edmto projevem velmi zasko\u010deni a nev\u011bd\u011bli, kam d\u0159\u00edv sko\u010dit. [&hellip;]<\/p>\n","protected":false},"author":2,"featured_media":0,"comment_status":"open","ping_status":"open","sticky":false,"template":"","format":"standard","meta":{"_et_pb_use_builder":"on","_et_pb_old_content":"I.B t\u0159\u00edda dosp\u011bl\u00fdch skupina B\r\nFC Veversk\u00e1 B\u00edt\u00fd\u0161ka - SK Tatran \u0160atov 3:0 (2:0)\r\n\r\nV ned\u011bli 2. 9. 2018 se na m\u00edstn\u00edm stadionu odehr\u00e1lo dal\u0161\u00ed kolo krajsk\u00e9 sout\u011b\u017ee, kde FC Veversk\u00e1 B\u00edt\u00fd\u0161ka p\u0159iv\u00edtala SK Tatran \u0160atov.\r\nDom\u00e1c\u00ed do utk\u00e1n\u00ed vstoupili velmi aktivn\u011b, hr\u00e1\u010di hostuj\u00edc\u00edho Tatranu byli t\u00edmto projevem velmi zasko\u010deni a nev\u011bd\u011bli, kam d\u0159\u00edv sko\u010dit. Tento tlak vedl k brance v 8. Minut\u011b, kdy Jakub Kratochv\u00edla posadil kr\u00e1sn\u00fd centr na hlavu Tade\u00e1\u0161e Ceb\u00e1ka, kter\u00fd o b\u0159evno sk\u00f3roval. B\u00ed<span class=\"text_exposed_show\">t\u00fd\u0161ka nad\u00e1le p\u016fsobila sv\u011b\u017eej\u0161\u00edm dojmem a p\u0159ed odchodem do kabin Pavel Ostr\u00fd po men\u0161\u00edm z\u00e1varu poslal m\u00ed\u010d do branky host\u016f. Polo\u010das tedy skon\u010dil l\u00e9pe pro dom\u00e1c\u00ed t\u00fdm FCVB.\r\nDruh\u00e1 p\u016fle byla podstatn\u011b jin\u00e1 ne\u017e p\u016fle prvn\u00ed. Hostuj\u00edc\u00ed Tatran p\u0159itla\u010dil na pilu a dom\u00e1c\u00ed borce p\u0159ehr\u00e1val. Na\u0161t\u011bst\u00ed v\u0161echny akce ztroskotaly na Oldovi Kupkovi, kter\u00fd svoji branku zamkl. Po tlaku, kter\u00fd Tatran m\u011bl, p\u0159i\u0161la sprcha v podob\u011b st\u0159ely Jana Nguyena, kter\u00fd poslal m\u00ed\u010d nechytateln\u011b pod b\u0159evno branka\u0159e Kubejky. 3:0. Do konce z\u00e1pasu se ji\u017e nic z\u00e1sadn\u00edho nestalo a t\u0159i body z\u016fstanou doma.\r\nrecenz\u00e9r: Jaroslav Dvo\u0159\u00e1\u010dek<\/span>\r\n<div class=\"text_exposed_show\">\r\n\r\nST\u0158ELCI: Ceb\u00e1k, Ostr\u00fd, Nguyen J.\r\nSESTAVA:\r\n1 Kupka Old\u0159ich\r\n2 Lajcman Viktor\r\n3 Hrbek Ale\u0161 [K]\r\n4 Kol\u00e1\u010dek Zden\u011bk\r\n5 Sachinidis Janis\r\n7 Ceb\u00e1k Tade\u00e1\u0161\r\n8 Kratochv\u00edla Jakub 64\u2193\r\n10 Ostr\u00fd Pavel 74\u2193\r\n11 Bedn\u00e1\u0159 Dominik 68\u2193\r\n13 No\u017ei\u010dka Petr\r\n14 Nov\u00e1k V\u00e1clav\r\nN\u00c1HRADN\u00cdCI:\r\n6 N Svoboda Jan\r\n9 N Michna Filip 68\u2191\r\n12 N Nguyen Jan 64\u2191\r\n15 N Musil Tom\u00e1\u0161 74\u2191\r\n\r\nIV. t\u0159\u00edda mu\u017ei - skupina B\r\nVeversk\u00e1 B\u00edt\u00fd\u0161ka \"B\" - V. Kn\u00ednice\r\n- neodehr\u00e1no\r\nodlo\u017eeno na 12.9. v 17:30\r\n\r\nOP dorost\r\nVeversk\u00e1 B\u00edt\u00fd\u0161ka - D\u011bdice 6:1 (3:0)\r\nST\u0158ELCI: Zav\u0159el, Zav\u0159el, V\u00e1clavek, Nasri, Skoup\u00fd, Dvo\u0159\u00e1k\r\n\r\nOP star\u0161\u00ed \u017e\u00e1ci\r\nV. B\u00edt\u00fd\u0161ka - \u010ceb\u00edn\/Dr\u00e1sov\r\n- neodehr\u00e1no\r\n\r\nOP mlad\u0161\u00ed \u017e\u00e1ci\r\nV. B\u00edt\u00fd\u0161ka - La\u017e\u00e1nky 6:2 (3:0)\r\nST\u0158ELCI: Dan\u011bk, Dan\u011bk, Kry\u0161tof, Mal\u00fd, Dan\u011bk, Dan\u011bk\r\n\r\nIII. t\u0159. star\u0161\u00ed p\u0159\u00edpravka - sk. C\r\nV. B\u00edt\u00fd\u0161ka - \u010ceb\u00edn 4:12 (1:7)\r\nST\u0158ELCI: Dan\u011bk, Novotn\u00fd, Dan\u011bk, Dan\u011bk\r\n\r\nIII. t\u0159. mlad\u0161\u00ed p\u0159\u00edpravka - sk. C\r\nFC Slovan Rosice, z.s.\" - V. B\u00edt\u00fd\u0161ka 3:29 (1:18)\r\n\r\n<\/div>","_et_gb_content_width":""},"categories":[1529],"tags":[],"_links":{"self":[{"href":"https:\/\/fcvb.cz\/index.php?rest_route=\/wp\/v2\/posts\/158"}],"collection":[{"href":"https:\/\/fcvb.cz\/index.php?rest_route=\/wp\/v2\/posts"}],"about":[{"href":"https:\/\/fcvb.cz\/index.php?rest_route=\/wp\/v2\/types\/post"}],"author":[{"embeddable":true,"href":"https:\/\/fcvb.cz\/index.php?rest_route=\/wp\/v2\/users\/2"}],"replies":[{"embeddable":true,"href":"https:\/\/fcvb.cz\/index.php?rest_route=%2Fwp%2Fv2%2Fcomments&post=158"}],"version-history":[{"count":14,"href":"https:\/\/fcvb.cz\/index.php?rest_route=\/wp\/v2\/posts\/158\/revisions"}],"predecessor-version":[{"id":2810,"href":"https:\/\/fcvb.cz\/index.php?rest_route=\/wp\/v2\/posts\/158\/revisions\/2810"}],"wp:attachment":[{"href":"https:\/\/fcvb.cz\/index.php?rest_route=%2Fwp%2Fv2%2Fmedia&parent=158"}],"wp:term":[{"taxonomy":"category","embeddable":true,"href":"https:\/\/fcvb.cz\/index.php?rest_route=%2Fwp%2Fv2%2Fcategories&post=158"},{"taxonomy":"post_tag","embeddable":true,"href":"https:\/\/fcvb.cz\/index.php?rest_route=%2Fwp%2Fv2%2Ftags&post=158"}],"curies":[{"name":"wp","href":"https:\/\/api.w.org\/{rel}","templated":true}]}}