{"id":2822,"date":"2024-01-30T12:45:29","date_gmt":"2024-01-30T11:45:29","guid":{"rendered":"https:\/\/fcvb.cz\/?p=2822"},"modified":"2024-01-30T12:46:01","modified_gmt":"2024-01-30T11:46:01","slug":"2822","status":"publish","type":"post","link":"https:\/\/fcvb.cz\/?p=2822","title":{"rendered":"Valn\u00e1 hromada 30. ledna 2024"},"content":{"rendered":"\n[et_pb_section fb_built=&#8220;1&#8243; theme_builder_area=&#8220;post_content&#8220; _builder_version=&#8220;4.16.1&#8243; _module_preset=&#8220;default&#8220; hover_enabled=&#8220;0&#8243; sticky_enabled=&#8220;0&#8243;][et_pb_row _builder_version=&#8220;4.16.1&#8243; _module_preset=&#8220;default&#8220; theme_builder_area=&#8220;post_content&#8220;][et_pb_column _builder_version=&#8220;4.16.1&#8243; _module_preset=&#8220;default&#8220; type=&#8220;4_4&#8243; theme_builder_area=&#8220;post_content&#8220;][et_pb_text _builder_version=&#8220;4.16.1&#8243; _module_preset=&#8220;default&#8220; theme_builder_area=&#8220;post_content&#8220; hover_enabled=&#8220;0&#8243; sticky_enabled=&#8220;0&#8243;]<p>V\u00e1\u017een\u00ed \u010dlenov\u00e9 a fanou\u0161ci fotbalov\u00e9ho klubu,<\/p>\n<p>s pot\u011b\u0161en\u00edm V\u00e1s zveme na valnou hromadu na\u0161eho klubu, kter\u00e1 se bude konat 30. ledna v 18:00 v restauraci Hosp\u016fdka u V\u00e1clava, na adrese Pavla Perky 390, Veversk\u00e1 B\u00edt\u00fd\u0161ka. Toto setk\u00e1n\u00ed je v\u00fdznamnou p\u0159\u00edle\u017eitost\u00ed pro v\u0161echny \u010dleny a p\u0159\u00edznivce klubu, aby se se\u0161li a diskutovali o d\u016fle\u017eit\u00fdch z\u00e1le\u017eitostech a pl\u00e1nech do budoucna.<\/p>\n<p>B\u011bhem setk\u00e1n\u00ed prob\u011bhne hodnocen\u00ed uplynul\u00e9 sez\u00f3ny, pl\u00e1nov\u00e1n\u00ed nadch\u00e1zej\u00edc\u00ed sez\u00f3ny, a tak\u00e9 budou \u0159e\u0161eny dal\u0161\u00ed d\u016fle\u017eit\u00e9 klubov\u00e9 z\u00e1le\u017eitosti.<\/p>\n<p>T\u011b\u0161\u00edme se na Va\u0161i \u00fa\u010dast a v\u011b\u0159\u00edme, \u017ee spole\u010dn\u011b p\u0159isp\u011bjeme k dal\u0161\u00edmu rozvoji na\u0161eho fotbalov\u00e9ho klubu.<\/p>[\/et_pb_text][\/et_pb_column][\/et_pb_row][\/et_pb_section]\n","protected":false},"excerpt":{"rendered":"<p>V\u00e1\u017een\u00ed \u010dlenov\u00e9 a fanou\u0161ci fotbalov\u00e9ho klubu, s pot\u011b\u0161en\u00edm V\u00e1s zveme na valnou hromadu na\u0161eho klubu, kter\u00e1 se bude konat 30. ledna v 18:00 v restauraci Hosp\u016fdka u V\u00e1clava, na adrese Pavla Perky 390, Veversk\u00e1 B\u00edt\u00fd\u0161ka. Toto setk\u00e1n\u00ed je v\u00fdznamnou p\u0159\u00edle\u017eitost\u00ed pro v\u0161echny \u010dleny a p\u0159\u00edznivce klubu, aby se se\u0161li a diskutovali o d\u016fle\u017eit\u00fdch z\u00e1le\u017eitostech a [&hellip;]<\/p>\n","protected":false},"author":3,"featured_media":0,"comment_status":"closed","ping_status":"closed","sticky":false,"template":"","format":"standard","meta":{"_et_pb_use_builder":"on","_et_pb_old_content":"","_et_gb_content_width":""},"categories":[7],"tags":[],"_links":{"self":[{"href":"https:\/\/fcvb.cz\/index.php?rest_route=\/wp\/v2\/posts\/2822"}],"collection":[{"href":"https:\/\/fcvb.cz\/index.php?rest_route=\/wp\/v2\/posts"}],"about":[{"href":"https:\/\/fcvb.cz\/index.php?rest_route=\/wp\/v2\/types\/post"}],"author":[{"embeddable":true,"href":"https:\/\/fcvb.cz\/index.php?rest_route=\/wp\/v2\/users\/3"}],"replies":[{"embeddable":true,"href":"https:\/\/fcvb.cz\/index.php?rest_route=%2Fwp%2Fv2%2Fcomments&post=2822"}],"version-history":[{"count":3,"href":"https:\/\/fcvb.cz\/index.php?rest_route=\/wp\/v2\/posts\/2822\/revisions"}],"predecessor-version":[{"id":2826,"href":"https:\/\/fcvb.cz\/index.php?rest_route=\/wp\/v2\/posts\/2822\/revisions\/2826"}],"wp:attachment":[{"href":"https:\/\/fcvb.cz\/index.php?rest_route=%2Fwp%2Fv2%2Fmedia&parent=2822"}],"wp:term":[{"taxonomy":"category","embeddable":true,"href":"https:\/\/fcvb.cz\/index.php?rest_route=%2Fwp%2Fv2%2Fcategories&post=2822"},{"taxonomy":"post_tag","embeddable":true,"href":"https:\/\/fcvb.cz\/index.php?rest_route=%2Fwp%2Fv2%2Ftags&post=2822"}],"curies":[{"name":"wp","href":"https:\/\/api.w.org\/{rel}","templated":true}]}}