{"id":383,"date":"2019-02-28T17:42:21","date_gmt":"2019-02-28T16:42:21","guid":{"rendered":"http:\/\/fcvb.cz\/?p=383"},"modified":"2025-11-30T08:29:34","modified_gmt":"2025-11-30T07:29:34","slug":"pozvanka-na-mimoradnou-valnou-hromadu","status":"publish","type":"post","link":"https:\/\/fcvb.cz\/?p=383","title":{"rendered":"Pozv\u00e1nka na mimo\u0159\u00e1dnou valnou hromadu"},"content":{"rendered":"<p class=\"s6\"><span class=\"s5\">V\u00fdbor FC Veversk\u00e1 B\u00edt\u00fd\u0161ka<\/span><span class=\"s5\"> s.z.<\/span><span class=\"s5\"> si V\u00e1s t\u00edmto dovoluje pozvat na <\/span><span class=\"s5\">mimo\u0159\u00e1dnou va<\/span><span class=\"s5\">lnou hromadu fotbalov\u00e9ho odd\u00edlu<\/span><span class=\"s5\">.<\/span><\/p>\n<p class=\"s6\"><span class=\"s5\">Kdy:<\/span> <span class=\"s7\">v<\/span><span class=\"s7\">e<\/span> <span class=\"s7\">st\u0159edu<\/span> <span class=\"s7\">6<\/span><span class=\"s7\">.<\/span><span class=\"s7\">3<\/span><span class=\"s7\">.201<\/span><span class=\"s7\">9<\/span><\/p>\n<p class=\"s6\"><span class=\"s5\">Kde: <\/span><span class=\"s7\">v&nbsp;p\u0159eds\u00e1l\u00ed KD<\/span><span class=\"s7\"> (restaurace U V\u00e1clava)<\/span><\/p>\n<p class=\"s6\"><span class=\"s5\">V&nbsp;kolik: <\/span><span class=\"s7\">18.<\/span><span class=\"s7\">0<\/span><span class=\"s7\">0.hod<\/span><\/p>\n<p class=\"s6\"><span class=\"s7\">Srde\u010dn\u011b <\/span><span class=\"s7\">V\u00e1s <\/span><span class=\"s7\">zve v\u00fdbor FC.<\/span><\/p>\n","protected":false},"excerpt":{"rendered":"<p>V\u00fdbor FC Veversk\u00e1 B\u00edt\u00fd\u0161ka s.z. si V\u00e1s t\u00edmto dovoluje pozvat na mimo\u0159\u00e1dnou valnou hromadu fotbalov\u00e9ho odd\u00edlu. Kdy: ve st\u0159edu 6.3.2019 Kde: v&nbsp;p\u0159eds\u00e1l\u00ed KD (restaurace U V\u00e1clava) V&nbsp;kolik: 18.00.hod Srde\u010dn\u011b V\u00e1s zve v\u00fdbor FC.<\/p>\n","protected":false},"author":2,"featured_media":0,"comment_status":"open","ping_status":"open","sticky":false,"template":"","format":"standard","meta":{"_et_pb_use_builder":"","_et_pb_old_content":"","_et_gb_content_width":""},"categories":[1529],"tags":[],"_links":{"self":[{"href":"https:\/\/fcvb.cz\/index.php?rest_route=\/wp\/v2\/posts\/383"}],"collection":[{"href":"https:\/\/fcvb.cz\/index.php?rest_route=\/wp\/v2\/posts"}],"about":[{"href":"https:\/\/fcvb.cz\/index.php?rest_route=\/wp\/v2\/types\/post"}],"author":[{"embeddable":true,"href":"https:\/\/fcvb.cz\/index.php?rest_route=\/wp\/v2\/users\/2"}],"replies":[{"embeddable":true,"href":"https:\/\/fcvb.cz\/index.php?rest_route=%2Fwp%2Fv2%2Fcomments&post=383"}],"version-history":[{"count":3,"href":"https:\/\/fcvb.cz\/index.php?rest_route=\/wp\/v2\/posts\/383\/revisions"}],"predecessor-version":[{"id":2807,"href":"https:\/\/fcvb.cz\/index.php?rest_route=\/wp\/v2\/posts\/383\/revisions\/2807"}],"wp:attachment":[{"href":"https:\/\/fcvb.cz\/index.php?rest_route=%2Fwp%2Fv2%2Fmedia&parent=383"}],"wp:term":[{"taxonomy":"category","embeddable":true,"href":"https:\/\/fcvb.cz\/index.php?rest_route=%2Fwp%2Fv2%2Fcategories&post=383"},{"taxonomy":"post_tag","embeddable":true,"href":"https:\/\/fcvb.cz\/index.php?rest_route=%2Fwp%2Fv2%2Ftags&post=383"}],"curies":[{"name":"wp","href":"https:\/\/api.w.org\/{rel}","templated":true}]}}